{"id":154,"date":"2017-05-14T20:46:10","date_gmt":"2017-05-14T20:46:10","guid":{"rendered":"https:\/\/geoportal.gis.stronazen.pl\/?p=154"},"modified":"2017-05-14T21:17:17","modified_gmt":"2017-05-14T21:17:17","slug":"kl-warschau-zdjecia-lotnicze-zygmunt-walkowski","status":"publish","type":"post","link":"https:\/\/geoportal.gis.stronazen.pl\/?p=154","title":{"rendered":"KL Warschau &#8211; zdj\u0119cia lotnicze \/ Zygmunt Walkowski"},"content":{"rendered":"<p>W grudniu 2012 uczestniczyli\u015bmy w dyskusji na forum Stroroom WERTTREW&#8217;a nt. KL Warschau.<\/p>\n<p>Dysponuj\u0105c zdj\u0119ciami z 1944 roku starali\u015bmy si\u0119 znale\u017a\u0107 lokalizacj\u0119 komory gazowej KL Warschau.<\/p>\n<p>W\u0105tek jest dost\u0119pny pod adresem:<br \/>\n<a href=\"http:\/\/www.werttrew.fora.pl\/zaslyszane-opowiesci-i-legendy,9\/kl-warschau,129-195.html\" target=\"_blank\">http:\/\/www.werttrew.fora.pl\/zaslyszane-opowiesci-i-legendy,9\/kl-warschau,129-195.html<\/a><\/p>\n<p>Kilka fragment\u00f3w niemieckich zdj\u0119\u0107 lotniczych (plus komentarz), z kt\u00f3rych korzysta\u0142 r\u00f3wnie\u017c p. Zygmunt Walkowski.<\/p>\n<p>****<br \/>\nPierwszy fragment niemieckiego zdj\u0119cia lotniczego przedstawiaj\u0105cy okolice Dworca Zachodniego wykonanego kamer\u0105 Rb 30 z ogniskow\u0105 20cm, przybli\u017cona skala zdj\u0119cia to ok. 1:20000.<\/p>\n<p>Zdj\u0119cie pochodzi z serii fotogram\u00f3w wykonanych 27 lipca 1944 dla m. in. Radomia i Warszawy.<br \/>\n<img decoding=\"async\" src=\"https:\/\/geoportal.gis.stronazen.pl\/wp-content\/uploads\/2017\/05\/KL_War1.jpg\"><\/p>\n<p>Kilka moich uwag dot. kom\u00f3r gazowych w tunelu ul. Bema w Warszawie Zachodniej.<\/p>\n<p>Wjazd do tunelu od strony Woli odbywa\u0142 si\u0119 od ulicy Armatniej. D\u0142ugo\u015b\u0107 tunelu ok. 72 metry (dok\u0142adno\u015b\u0107 +\/- 1m). Szeroko\u015b\u0107 tunelu to oko\u0142o 8 metr\u00f3w (tutaj wi\u0119cej informacji napisz\u0119 w nast\u0119pnym po\u015bcie).<\/p>\n<p>Moje pytania czy &#8222;banie&#8221; &#8211; tak jak to mo\u017cna znale\u017a\u0107 w wielu opisach dot. KL Warschau &#8211; znajdowa\u0142y si\u0119 na mi\u0119dzytorzu ? Na zdj\u0119ciach takich obiekt\u00f3w nie wida\u0107&#8230;<\/p>\n<p>Kolejne niemieckie zdj\u0119cie lotnicze &#8211; znane ju\u017c ze strony Johna Calvina &#8211; z 1944 roku. Dok\u0142adna data wykonania zdj\u0119\u0107 nie jest znana.<\/p>\n<p>Prezentowane zdj\u0119cie zosta\u0142o jednak zeskanowane, a nie sfotografowane jak na stronie Johna.<\/p>\n<p>Por\u00f3wnanie zdj\u0119\u0107 z 1944 i 1945. <\/p>\n<p><img decoding=\"async\" src=\"https:\/\/geoportal.gis.stronazen.pl\/wp-content\/uploads\/2017\/05\/animacja.gif\" alt=\"\"><\/p>\n<p>Tylko 1944:<\/p>\n<p><img decoding=\"async\" src=\"https:\/\/geoportal.gis.stronazen.pl\/wp-content\/uploads\/2017\/05\/KL_War_3.jpg\" alt=\"\"><\/p>\n<p>Na koniec fragment w 3D &#8211; niestety efekt nie jest najlepszy &#8211; analizowany fragment znajdowa\u0142 si\u0119 na skraju jednego z dw\u00f3ch zdj\u0119\u0107 wykorzystanych, co wp\u0142yn\u0119\u0142o na gorsz\u0105 jako\u015b\u0107. <\/p>\n<p><img decoding=\"async\" src=\"https:\/\/geoportal.gis.stronazen.pl\/wp-content\/uploads\/2017\/05\/ok_3d_symbol.jpg\" alt=\"\"><\/p>\n<p>I jeszcze jedno zdj\u0119cie si\u0119 znalaz\u0142o: 15.11.1944 &#8211; r\u00f3wnie\u017c skraj zdj\u0119cia (braki ostro\u015bci):<\/p>\n<p><img decoding=\"async\" loading=\"lazy\" src=\"https:\/\/geoportal.gis.stronazen.pl\/wp-content\/uploads\/2017\/05\/KL_3-1.jpg\" alt=\"\" width=\"557\" height=\"666\" class=\"aligncenter size-full wp-image-167\" srcset=\"https:\/\/geoportal.gis.stronazen.pl\/wp-content\/uploads\/2017\/05\/KL_3-1.jpg 557w, https:\/\/geoportal.gis.stronazen.pl\/wp-content\/uploads\/2017\/05\/KL_3-1-251x300.jpg 251w, https:\/\/geoportal.gis.stronazen.pl\/wp-content\/uploads\/2017\/05\/KL_3-1-520x622.jpg 520w\" sizes=\"(max-width: 557px) 100vw, 557px\" \/><\/p>\n<p>Interpretacja (z 2012 roku) zdj\u0119\u0107 zaprezentowanych powy\u017cej pozwala podpisa\u0107 si\u0119 pod najnowszymi wnioskami p. Walkowskiego:<\/p>\n<p><em>Na obszarze przylegaj\u0105cym do Dworca Zachodniego (w pobli\u017cu ronda Zes\u0142a\u0144c\u00f3w Syberyjskich, a jeszcze dok\u0142adniej przy ulicy Bema) nie by\u0142o \u017cadnej niemieckiej infrastruktury obozowej. Tunel by\u0142 przejezdny przez ca\u0142y okres II wojny \u015bwiatowej.<\/em><\/p>\n","protected":false},"excerpt":{"rendered":"<p>W grudniu 2012 uczestniczyli\u015bmy w dyskusji na forum Stroroom WERTTREW&#8217;a nt. KL Warschau. Dysponuj\u0105c zdj\u0119ciami z 1944 roku starali\u015bmy si\u0119 znale\u017a\u0107 lokalizacj\u0119 komory gazowej KL Warschau. W\u0105tek jest dost\u0119pny pod adresem: http:\/\/www.werttrew.fora.pl\/zaslyszane-opowiesci-i-legendy,9\/kl-warschau,129-195.html Kilka fragment\u00f3w niemieckich zdj\u0119\u0107 lotniczych (plus komentarz), z kt\u00f3rych korzysta\u0142 r\u00f3wnie\u017c p. Zygmunt Walkowski. **** Pierwszy fragment niemieckiego zdj\u0119cia lotniczego przedstawiaj\u0105cy okolice Dworca&#8230; <\/p>\n<div class=\"read-more navbutton\"><a href=\"https:\/\/geoportal.gis.stronazen.pl\/?p=154\">Read More<i class=\"fa fa-angle-double-right\"><\/i><\/a><\/div>\n","protected":false},"author":1,"featured_media":173,"comment_status":"closed","ping_status":"closed","sticky":false,"template":"","format":"standard","meta":{"footnotes":""},"categories":[3],"tags":[],"_links":{"self":[{"href":"https:\/\/geoportal.gis.stronazen.pl\/index.php?rest_route=\/wp\/v2\/posts\/154"}],"collection":[{"href":"https:\/\/geoportal.gis.stronazen.pl\/index.php?rest_route=\/wp\/v2\/posts"}],"about":[{"href":"https:\/\/geoportal.gis.stronazen.pl\/index.php?rest_route=\/wp\/v2\/types\/post"}],"author":[{"embeddable":true,"href":"https:\/\/geoportal.gis.stronazen.pl\/index.php?rest_route=\/wp\/v2\/users\/1"}],"replies":[{"embeddable":true,"href":"https:\/\/geoportal.gis.stronazen.pl\/index.php?rest_route=%2Fwp%2Fv2%2Fcomments&post=154"}],"version-history":[{"count":12,"href":"https:\/\/geoportal.gis.stronazen.pl\/index.php?rest_route=\/wp\/v2\/posts\/154\/revisions"}],"predecessor-version":[{"id":174,"href":"https:\/\/geoportal.gis.stronazen.pl\/index.php?rest_route=\/wp\/v2\/posts\/154\/revisions\/174"}],"wp:featuredmedia":[{"embeddable":true,"href":"https:\/\/geoportal.gis.stronazen.pl\/index.php?rest_route=\/wp\/v2\/media\/173"}],"wp:attachment":[{"href":"https:\/\/geoportal.gis.stronazen.pl\/index.php?rest_route=%2Fwp%2Fv2%2Fmedia&parent=154"}],"wp:term":[{"taxonomy":"category","embeddable":true,"href":"https:\/\/geoportal.gis.stronazen.pl\/index.php?rest_route=%2Fwp%2Fv2%2Fcategories&post=154"},{"taxonomy":"post_tag","embeddable":true,"href":"https:\/\/geoportal.gis.stronazen.pl\/index.php?rest_route=%2Fwp%2Fv2%2Ftags&post=154"}],"curies":[{"name":"wp","href":"https:\/\/api.w.org\/{rel}","templated":true}]}}